{"id":2028,"date":"2025-03-21T12:18:23","date_gmt":"2025-03-21T11:18:23","guid":{"rendered":"https:\/\/woc2027.hu\/__trashed-2\/"},"modified":"2026-02-02T20:16:07","modified_gmt":"2026-02-02T19:16:07","slug":"mate-bereczki-appointed-as-event-director-for-the-world-championships","status":"publish","type":"post","link":"https:\/\/woc2027.hu\/en\/mate-bereczki-appointed-as-event-director-for-the-world-championships\/","title":{"rendered":"M\u00e1t\u00e9 Bereczki appointed as Event Director for the World Championships"},"content":{"rendered":"<p>The host club, Veszpr\u00e9mi Honv\u00e9d SE, has appointed M\u00e1t\u00e9 Bereczki, the current head coach of the Hungarian junior national team, to lead the technical management of the World Championships.<\/p>\n<p data-path-to-node=\"1\"><em>&#8220;I accepted the invitation from the Veszpr\u00e9m team with great pleasure, but at the same time, I know exactly that the World Championships can only be successful if a great team works together <\/em>&#8211; said M\u00e1t\u00e9 Bereczki. &#8211; <em>In the coming months, I will also strive to establish the workflow and find the individuals who will guarantee productive results. Naturally, my priority this year remains the performance of the junior national team, but from next year onwards, I will focus on this new challenge.&#8221;<\/em><\/p>\n<p data-path-to-node=\"4\"><em>&#8220;I know the moment will come when organizing will fill almost 24 hours of my day, but I owe so much to orienteering\u2014lifelong friendships, my partner\u2014so I am starting this work with responsibility and motivation. I trust that the entire Hungarian orienteering community will benefit from this event.&#8221;<\/em> added the Event Director.<\/p>\n<p data-path-to-node=\"1\">The 35-year-old sports leader from Szeged represented Hungary on several occasions at international youth competitions.\u00a0Regarding his competitive career, he is primarily proud of his domestic success: in addition to numerous relay and team titles, he won every possible individual Hungarian national title between the ages of 16 and 20.\u00a0When he retired from elite sports, his intensive training was replaced by sports management and coaching.<\/p>\n<p data-path-to-node=\"4\">Over the past ten years, he has earned the recognition of the orienteering community through his work as an event organizer and course setter, as well as his professional contributions to both the senior and junior national teams.\u00a0With his appointment, the World Championships organizing team is strengthened by a young yet experienced sports leader.<\/p>\n","protected":false},"excerpt":{"rendered":"<p>The 2027 World Orienteering Championships in Hungary will be led by a young Event Director.<\/p>\n","protected":false},"author":4,"featured_media":654,"comment_status":"closed","ping_status":"closed","sticky":false,"template":"","format":"standard","meta":{"_acf_changed":false,"footnotes":""},"categories":[49],"tags":[51],"class_list":["post-2028","post","type-post","status-publish","format-standard","has-post-thumbnail","hentry","category-woc2027","tag-bereczki"],"acf":[],"_links":{"self":[{"href":"https:\/\/woc2027.hu\/en\/wp-json\/wp\/v2\/posts\/2028","targetHints":{"allow":["GET"]}}],"collection":[{"href":"https:\/\/woc2027.hu\/en\/wp-json\/wp\/v2\/posts"}],"about":[{"href":"https:\/\/woc2027.hu\/en\/wp-json\/wp\/v2\/types\/post"}],"author":[{"embeddable":true,"href":"https:\/\/woc2027.hu\/en\/wp-json\/wp\/v2\/users\/4"}],"replies":[{"embeddable":true,"href":"https:\/\/woc2027.hu\/en\/wp-json\/wp\/v2\/comments?post=2028"}],"version-history":[{"count":3,"href":"https:\/\/woc2027.hu\/en\/wp-json\/wp\/v2\/posts\/2028\/revisions"}],"predecessor-version":[{"id":2031,"href":"https:\/\/woc2027.hu\/en\/wp-json\/wp\/v2\/posts\/2028\/revisions\/2031"}],"wp:featuredmedia":[{"embeddable":true,"href":"https:\/\/woc2027.hu\/en\/wp-json\/wp\/v2\/media\/654"}],"wp:attachment":[{"href":"https:\/\/woc2027.hu\/en\/wp-json\/wp\/v2\/media?parent=2028"}],"wp:term":[{"taxonomy":"category","embeddable":true,"href":"https:\/\/woc2027.hu\/en\/wp-json\/wp\/v2\/categories?post=2028"},{"taxonomy":"post_tag","embeddable":true,"href":"https:\/\/woc2027.hu\/en\/wp-json\/wp\/v2\/tags?post=2028"}],"curies":[{"name":"wp","href":"https:\/\/api.w.org\/{rel}","templated":true}]}}